{"id":7921,"date":"2022-07-07T13:30:54","date_gmt":"2022-07-07T11:30:54","guid":{"rendered":"https:\/\/dgtpcc.md\/?p=7921"},"modified":"2022-08-11T13:38:45","modified_gmt":"2022-08-11T11:38:45","slug":"strada-27-martie-1918-din-sectorul-buiucani-a-fost-reparata","status":"publish","type":"post","link":"https:\/\/dgtpcc.md\/?p=7921","title":{"rendered":"Strada 27 Martie 1918 din sectorul Buiucani a fost reparat\u0103"},"content":{"rendered":"\n<p>Lucr\u0103rile de repara\u021bie curent\u0103 a str\u0103zii 27 Martie 1918 din sectorul Buiucani au ajuns la final. Strada a intrat \u00een repara\u021bie \u00een luna martie curent, timp \u00een care au fost reparate trotuarele pe ambele p\u0103r\u021bi \u0219i canalizarea pluvial\u0103, fiind reabilitate \u0219i zonele de drum cu funda\u021bie defect\u0103. \u00cenveli\u0219ul asfaltic a fost \u00eenlocuit pe toat\u0103 lungimea str\u0103zii.<\/p>\n\n\n\n<p>\u00cen paralel, s-a lucrat \u0219i la modernizarea iluminatului stradal, fiind monta\u021bi pilonii \u0219i liniile aeriene. Urmeaz\u0103 instalarea corpurilor de iluminat noi, eficiente energetic.<\/p>\n\n\n\n<p>Pentru aceste lucr\u0103ri, din bugetul municipal au fost alocate peste 5,5 milioane lei.<\/p>\n\n\n\n<p>\u00cen anul curent urmeaz\u0103 s\u0103 intre \u00een repara\u021bie \u0219i strada Ion Neculce. Ambele str\u0103zi sunt ni\u0219te artere importante din sectorul Buiucani, iar reabilitarea acestora va contribui la fluidizarea traficului rutier \u00een zon\u0103.<\/p>\n\n\n\n<p><a href=\"https:\/\/mobilitatechisinau.md\/?p=7924\">Galerie foto<\/a><\/p>\n","protected":false},"excerpt":{"rendered":"<p>Lucr\u0103rile de repara\u021bie curent\u0103 a str\u0103zii 27 Martie 1918 din sectorul Buiucani au ajuns la final. Strada a intrat \u00een repara\u021bie \u00een luna martie curent, timp \u00een care au fost reparate trotuarele pe ambele p\u0103r\u021bi \u0219i canalizarea pluvial\u0103, fiind reabilitate \u0219i zonele de drum cu funda\u021bie defect\u0103. \u00cenveli\u0219ul asfaltic a fost \u00eenlocuit pe toat\u0103 lungimea [&hellip;]<\/p>\n","protected":false},"author":1,"featured_media":7922,"comment_status":"closed","ping_status":"closed","sticky":false,"template":"","format":"standard","meta":{"footnotes":""},"categories":[92,113],"tags":[],"class_list":["post-7921","post","type-post","status-publish","format-standard","has-post-thumbnail","hentry","category-comunicate","category-lucrari_intretinere"],"yoast_head":"<!-- This site is optimized with the Yoast SEO plugin v27.5 - https:\/\/yoast.com\/product\/yoast-seo-wordpress\/ -->\n<title>Strada 27 Martie 1918 din sectorul Buiucani a fost reparat\u0103 - dgtpcc.md<\/title>\n<meta name=\"robots\" content=\"index, follow, max-snippet:-1, max-image-preview:large, max-video-preview:-1\" \/>\n<link rel=\"canonical\" href=\"https:\/\/dgtpcc.md\/?p=7921\" \/>\n<meta property=\"og:locale\" content=\"ro_RO\" \/>\n<meta property=\"og:type\" content=\"article\" \/>\n<meta property=\"og:title\" content=\"Strada 27 Martie 1918 din sectorul Buiucani a fost reparat\u0103 - dgtpcc.md\" \/>\n<meta property=\"og:description\" content=\"Lucr\u0103rile de repara\u021bie curent\u0103 a str\u0103zii 27 Martie 1918 din sectorul Buiucani au ajuns la final. Strada a intrat \u00een repara\u021bie \u00een luna martie curent, timp \u00een care au fost reparate trotuarele pe ambele p\u0103r\u021bi \u0219i canalizarea pluvial\u0103, fiind reabilitate \u0219i zonele de drum cu funda\u021bie defect\u0103. \u00cenveli\u0219ul asfaltic a fost \u00eenlocuit pe toat\u0103 lungimea [&hellip;]\" \/>\n<meta property=\"og:url\" content=\"https:\/\/dgtpcc.md\/?p=7921\" \/>\n<meta property=\"og:site_name\" content=\"dgtpcc.md\" \/>\n<meta property=\"article:publisher\" content=\"https:\/\/www.facebook.com\/DGTPCC\" \/>\n<meta property=\"article:published_time\" content=\"2022-07-07T11:30:54+00:00\" \/>\n<meta property=\"article:modified_time\" content=\"2022-08-11T11:38:45+00:00\" \/>\n<meta property=\"og:image\" content=\"https:\/\/dgtpcc.md\/wp-content\/uploads\/2022\/08\/strada-27-martie.jpg\" \/>\n\t<meta property=\"og:image:width\" content=\"1220\" \/>\n\t<meta property=\"og:image:height\" content=\"700\" \/>\n\t<meta property=\"og:image:type\" content=\"image\/jpeg\" \/>\n<meta name=\"author\" content=\"dgtpcc.md\" \/>\n<meta name=\"twitter:card\" content=\"summary_large_image\" \/>\n<meta name=\"twitter:label1\" content=\"Scris de\" \/>\n\t<meta name=\"twitter:data1\" content=\"dgtpcc.md\" \/>\n\t<meta name=\"twitter:label2\" content=\"Timp estimat pentru citire\" \/>\n\t<meta name=\"twitter:data2\" content=\"1 minut\" \/>\n<script type=\"application\/ld+json\" class=\"yoast-schema-graph\">{\"@context\":\"https:\\\/\\\/schema.org\",\"@graph\":[{\"@type\":\"Article\",\"@id\":\"https:\\\/\\\/dgtpcc.md\\\/?p=7921#article\",\"isPartOf\":{\"@id\":\"https:\\\/\\\/dgtpcc.md\\\/?p=7921\"},\"author\":{\"name\":\"dgtpcc.md\",\"@id\":\"https:\\\/\\\/dgtpcc.md\\\/#\\\/schema\\\/person\\\/c25d28ff5553bea759689e10224709c7\"},\"headline\":\"Strada 27 Martie 1918 din sectorul Buiucani a fost reparat\u0103\",\"datePublished\":\"2022-07-07T11:30:54+00:00\",\"dateModified\":\"2022-08-11T11:38:45+00:00\",\"mainEntityOfPage\":{\"@id\":\"https:\\\/\\\/dgtpcc.md\\\/?p=7921\"},\"wordCount\":145,\"publisher\":{\"@id\":\"https:\\\/\\\/dgtpcc.md\\\/#organization\"},\"image\":{\"@id\":\"https:\\\/\\\/dgtpcc.md\\\/?p=7921#primaryimage\"},\"thumbnailUrl\":\"https:\\\/\\\/dgtpcc.md\\\/wp-content\\\/uploads\\\/2022\\\/08\\\/strada-27-martie.jpg\",\"articleSection\":[\"Comunicate de pres\u0103\",\"lucrari de intretinere\"],\"inLanguage\":\"ro-RO\"},{\"@type\":\"WebPage\",\"@id\":\"https:\\\/\\\/dgtpcc.md\\\/?p=7921\",\"url\":\"https:\\\/\\\/dgtpcc.md\\\/?p=7921\",\"name\":\"Strada 27 Martie 1918 din sectorul Buiucani a fost reparat\u0103 - dgtpcc.md\",\"isPartOf\":{\"@id\":\"https:\\\/\\\/dgtpcc.md\\\/#website\"},\"primaryImageOfPage\":{\"@id\":\"https:\\\/\\\/dgtpcc.md\\\/?p=7921#primaryimage\"},\"image\":{\"@id\":\"https:\\\/\\\/dgtpcc.md\\\/?p=7921#primaryimage\"},\"thumbnailUrl\":\"https:\\\/\\\/dgtpcc.md\\\/wp-content\\\/uploads\\\/2022\\\/08\\\/strada-27-martie.jpg\",\"datePublished\":\"2022-07-07T11:30:54+00:00\",\"dateModified\":\"2022-08-11T11:38:45+00:00\",\"breadcrumb\":{\"@id\":\"https:\\\/\\\/dgtpcc.md\\\/?p=7921#breadcrumb\"},\"inLanguage\":\"ro-RO\",\"potentialAction\":[{\"@type\":\"ReadAction\",\"target\":[\"https:\\\/\\\/dgtpcc.md\\\/?p=7921\"]}]},{\"@type\":\"ImageObject\",\"inLanguage\":\"ro-RO\",\"@id\":\"https:\\\/\\\/dgtpcc.md\\\/?p=7921#primaryimage\",\"url\":\"https:\\\/\\\/dgtpcc.md\\\/wp-content\\\/uploads\\\/2022\\\/08\\\/strada-27-martie.jpg\",\"contentUrl\":\"https:\\\/\\\/dgtpcc.md\\\/wp-content\\\/uploads\\\/2022\\\/08\\\/strada-27-martie.jpg\",\"width\":1220,\"height\":700},{\"@type\":\"BreadcrumbList\",\"@id\":\"https:\\\/\\\/dgtpcc.md\\\/?p=7921#breadcrumb\",\"itemListElement\":[{\"@type\":\"ListItem\",\"position\":1,\"name\":\"Prima pagin\u0103\",\"item\":\"https:\\\/\\\/dgtpcc.md\\\/\"},{\"@type\":\"ListItem\",\"position\":2,\"name\":\"Strada 27 Martie 1918 din sectorul Buiucani a fost reparat\u0103\"}]},{\"@type\":\"WebSite\",\"@id\":\"https:\\\/\\\/dgtpcc.md\\\/#website\",\"url\":\"https:\\\/\\\/dgtpcc.md\\\/\",\"name\":\"dgtpcc.md\",\"description\":\"Direc\u0163ia general\u0103 transport public \u015fi c\u0103i de comunica\u0163ie\",\"publisher\":{\"@id\":\"https:\\\/\\\/dgtpcc.md\\\/#organization\"},\"potentialAction\":[{\"@type\":\"SearchAction\",\"target\":{\"@type\":\"EntryPoint\",\"urlTemplate\":\"https:\\\/\\\/dgtpcc.md\\\/?s={search_term_string}\"},\"query-input\":{\"@type\":\"PropertyValueSpecification\",\"valueRequired\":true,\"valueName\":\"search_term_string\"}}],\"inLanguage\":\"ro-RO\"},{\"@type\":\"Organization\",\"@id\":\"https:\\\/\\\/dgtpcc.md\\\/#organization\",\"name\":\"Direc\u0163ia general\u0103 transport public \u015fi c\u0103i de comunica\u0163ie\",\"url\":\"https:\\\/\\\/dgtpcc.md\\\/\",\"logo\":{\"@type\":\"ImageObject\",\"inLanguage\":\"ro-RO\",\"@id\":\"https:\\\/\\\/dgtpcc.md\\\/#\\\/schema\\\/logo\\\/image\\\/\",\"url\":\"https:\\\/\\\/dgtpcc.md\\\/wp-content\\\/uploads\\\/2022\\\/05\\\/DGTPCC-Chis\u0326ina\u0306u-new.jpg\",\"contentUrl\":\"https:\\\/\\\/dgtpcc.md\\\/wp-content\\\/uploads\\\/2022\\\/05\\\/DGTPCC-Chis\u0326ina\u0306u-new.jpg\",\"width\":304,\"height\":80,\"caption\":\"Direc\u0163ia general\u0103 transport public \u015fi c\u0103i de comunica\u0163ie\"},\"image\":{\"@id\":\"https:\\\/\\\/dgtpcc.md\\\/#\\\/schema\\\/logo\\\/image\\\/\"},\"sameAs\":[\"https:\\\/\\\/www.facebook.com\\\/DGTPCC\"]},{\"@type\":\"Person\",\"@id\":\"https:\\\/\\\/dgtpcc.md\\\/#\\\/schema\\\/person\\\/c25d28ff5553bea759689e10224709c7\",\"name\":\"dgtpcc.md\",\"image\":{\"@type\":\"ImageObject\",\"inLanguage\":\"ro-RO\",\"@id\":\"https:\\\/\\\/secure.gravatar.com\\\/avatar\\\/9057a81ed6aa6c63f6d0d045749b3708fa15d612e3a388d9ac7b50072146c906?s=96&d=mm&r=g\",\"url\":\"https:\\\/\\\/secure.gravatar.com\\\/avatar\\\/9057a81ed6aa6c63f6d0d045749b3708fa15d612e3a388d9ac7b50072146c906?s=96&d=mm&r=g\",\"contentUrl\":\"https:\\\/\\\/secure.gravatar.com\\\/avatar\\\/9057a81ed6aa6c63f6d0d045749b3708fa15d612e3a388d9ac7b50072146c906?s=96&d=mm&r=g\",\"caption\":\"dgtpcc.md\"},\"sameAs\":[\"https:\\\/\\\/dgtpcc.md\"],\"url\":\"https:\\\/\\\/dgtpcc.md\\\/?author=1\"}]}<\/script>\n<!-- \/ Yoast SEO plugin. -->","yoast_head_json":{"title":"Strada 27 Martie 1918 din sectorul Buiucani a fost reparat\u0103 - dgtpcc.md","robots":{"index":"index","follow":"follow","max-snippet":"max-snippet:-1","max-image-preview":"max-image-preview:large","max-video-preview":"max-video-preview:-1"},"canonical":"https:\/\/dgtpcc.md\/?p=7921","og_locale":"ro_RO","og_type":"article","og_title":"Strada 27 Martie 1918 din sectorul Buiucani a fost reparat\u0103 - dgtpcc.md","og_description":"Lucr\u0103rile de repara\u021bie curent\u0103 a str\u0103zii 27 Martie 1918 din sectorul Buiucani au ajuns la final. Strada a intrat \u00een repara\u021bie \u00een luna martie curent, timp \u00een care au fost reparate trotuarele pe ambele p\u0103r\u021bi \u0219i canalizarea pluvial\u0103, fiind reabilitate \u0219i zonele de drum cu funda\u021bie defect\u0103. \u00cenveli\u0219ul asfaltic a fost \u00eenlocuit pe toat\u0103 lungimea [&hellip;]","og_url":"https:\/\/dgtpcc.md\/?p=7921","og_site_name":"dgtpcc.md","article_publisher":"https:\/\/www.facebook.com\/DGTPCC","article_published_time":"2022-07-07T11:30:54+00:00","article_modified_time":"2022-08-11T11:38:45+00:00","og_image":[{"width":1220,"height":700,"url":"https:\/\/dgtpcc.md\/wp-content\/uploads\/2022\/08\/strada-27-martie.jpg","type":"image\/jpeg"}],"author":"dgtpcc.md","twitter_card":"summary_large_image","twitter_misc":{"Scris de":"dgtpcc.md","Timp estimat pentru citire":"1 minut"},"schema":{"@context":"https:\/\/schema.org","@graph":[{"@type":"Article","@id":"https:\/\/dgtpcc.md\/?p=7921#article","isPartOf":{"@id":"https:\/\/dgtpcc.md\/?p=7921"},"author":{"name":"dgtpcc.md","@id":"https:\/\/dgtpcc.md\/#\/schema\/person\/c25d28ff5553bea759689e10224709c7"},"headline":"Strada 27 Martie 1918 din sectorul Buiucani a fost reparat\u0103","datePublished":"2022-07-07T11:30:54+00:00","dateModified":"2022-08-11T11:38:45+00:00","mainEntityOfPage":{"@id":"https:\/\/dgtpcc.md\/?p=7921"},"wordCount":145,"publisher":{"@id":"https:\/\/dgtpcc.md\/#organization"},"image":{"@id":"https:\/\/dgtpcc.md\/?p=7921#primaryimage"},"thumbnailUrl":"https:\/\/dgtpcc.md\/wp-content\/uploads\/2022\/08\/strada-27-martie.jpg","articleSection":["Comunicate de pres\u0103","lucrari de intretinere"],"inLanguage":"ro-RO"},{"@type":"WebPage","@id":"https:\/\/dgtpcc.md\/?p=7921","url":"https:\/\/dgtpcc.md\/?p=7921","name":"Strada 27 Martie 1918 din sectorul Buiucani a fost reparat\u0103 - dgtpcc.md","isPartOf":{"@id":"https:\/\/dgtpcc.md\/#website"},"primaryImageOfPage":{"@id":"https:\/\/dgtpcc.md\/?p=7921#primaryimage"},"image":{"@id":"https:\/\/dgtpcc.md\/?p=7921#primaryimage"},"thumbnailUrl":"https:\/\/dgtpcc.md\/wp-content\/uploads\/2022\/08\/strada-27-martie.jpg","datePublished":"2022-07-07T11:30:54+00:00","dateModified":"2022-08-11T11:38:45+00:00","breadcrumb":{"@id":"https:\/\/dgtpcc.md\/?p=7921#breadcrumb"},"inLanguage":"ro-RO","potentialAction":[{"@type":"ReadAction","target":["https:\/\/dgtpcc.md\/?p=7921"]}]},{"@type":"ImageObject","inLanguage":"ro-RO","@id":"https:\/\/dgtpcc.md\/?p=7921#primaryimage","url":"https:\/\/dgtpcc.md\/wp-content\/uploads\/2022\/08\/strada-27-martie.jpg","contentUrl":"https:\/\/dgtpcc.md\/wp-content\/uploads\/2022\/08\/strada-27-martie.jpg","width":1220,"height":700},{"@type":"BreadcrumbList","@id":"https:\/\/dgtpcc.md\/?p=7921#breadcrumb","itemListElement":[{"@type":"ListItem","position":1,"name":"Prima pagin\u0103","item":"https:\/\/dgtpcc.md\/"},{"@type":"ListItem","position":2,"name":"Strada 27 Martie 1918 din sectorul Buiucani a fost reparat\u0103"}]},{"@type":"WebSite","@id":"https:\/\/dgtpcc.md\/#website","url":"https:\/\/dgtpcc.md\/","name":"dgtpcc.md","description":"Direc\u0163ia general\u0103 transport public \u015fi c\u0103i de comunica\u0163ie","publisher":{"@id":"https:\/\/dgtpcc.md\/#organization"},"potentialAction":[{"@type":"SearchAction","target":{"@type":"EntryPoint","urlTemplate":"https:\/\/dgtpcc.md\/?s={search_term_string}"},"query-input":{"@type":"PropertyValueSpecification","valueRequired":true,"valueName":"search_term_string"}}],"inLanguage":"ro-RO"},{"@type":"Organization","@id":"https:\/\/dgtpcc.md\/#organization","name":"Direc\u0163ia general\u0103 transport public \u015fi c\u0103i de comunica\u0163ie","url":"https:\/\/dgtpcc.md\/","logo":{"@type":"ImageObject","inLanguage":"ro-RO","@id":"https:\/\/dgtpcc.md\/#\/schema\/logo\/image\/","url":"https:\/\/dgtpcc.md\/wp-content\/uploads\/2022\/05\/DGTPCC-Chis\u0326ina\u0306u-new.jpg","contentUrl":"https:\/\/dgtpcc.md\/wp-content\/uploads\/2022\/05\/DGTPCC-Chis\u0326ina\u0306u-new.jpg","width":304,"height":80,"caption":"Direc\u0163ia general\u0103 transport public \u015fi c\u0103i de comunica\u0163ie"},"image":{"@id":"https:\/\/dgtpcc.md\/#\/schema\/logo\/image\/"},"sameAs":["https:\/\/www.facebook.com\/DGTPCC"]},{"@type":"Person","@id":"https:\/\/dgtpcc.md\/#\/schema\/person\/c25d28ff5553bea759689e10224709c7","name":"dgtpcc.md","image":{"@type":"ImageObject","inLanguage":"ro-RO","@id":"https:\/\/secure.gravatar.com\/avatar\/9057a81ed6aa6c63f6d0d045749b3708fa15d612e3a388d9ac7b50072146c906?s=96&d=mm&r=g","url":"https:\/\/secure.gravatar.com\/avatar\/9057a81ed6aa6c63f6d0d045749b3708fa15d612e3a388d9ac7b50072146c906?s=96&d=mm&r=g","contentUrl":"https:\/\/secure.gravatar.com\/avatar\/9057a81ed6aa6c63f6d0d045749b3708fa15d612e3a388d9ac7b50072146c906?s=96&d=mm&r=g","caption":"dgtpcc.md"},"sameAs":["https:\/\/dgtpcc.md"],"url":"https:\/\/dgtpcc.md\/?author=1"}]}},"_links":{"self":[{"href":"https:\/\/dgtpcc.md\/index.php?rest_route=\/wp\/v2\/posts\/7921","targetHints":{"allow":["GET"]}}],"collection":[{"href":"https:\/\/dgtpcc.md\/index.php?rest_route=\/wp\/v2\/posts"}],"about":[{"href":"https:\/\/dgtpcc.md\/index.php?rest_route=\/wp\/v2\/types\/post"}],"author":[{"embeddable":true,"href":"https:\/\/dgtpcc.md\/index.php?rest_route=\/wp\/v2\/users\/1"}],"replies":[{"embeddable":true,"href":"https:\/\/dgtpcc.md\/index.php?rest_route=%2Fwp%2Fv2%2Fcomments&post=7921"}],"version-history":[{"count":2,"href":"https:\/\/dgtpcc.md\/index.php?rest_route=\/wp\/v2\/posts\/7921\/revisions"}],"predecessor-version":[{"id":7935,"href":"https:\/\/dgtpcc.md\/index.php?rest_route=\/wp\/v2\/posts\/7921\/revisions\/7935"}],"wp:featuredmedia":[{"embeddable":true,"href":"https:\/\/dgtpcc.md\/index.php?rest_route=\/wp\/v2\/media\/7922"}],"wp:attachment":[{"href":"https:\/\/dgtpcc.md\/index.php?rest_route=%2Fwp%2Fv2%2Fmedia&parent=7921"}],"wp:term":[{"taxonomy":"category","embeddable":true,"href":"https:\/\/dgtpcc.md\/index.php?rest_route=%2Fwp%2Fv2%2Fcategories&post=7921"},{"taxonomy":"post_tag","embeddable":true,"href":"https:\/\/dgtpcc.md\/index.php?rest_route=%2Fwp%2Fv2%2Ftags&post=7921"}],"curies":[{"name":"wp","href":"https:\/\/api.w.org\/{rel}","templated":true}]}}